{"id":47,"date":"2016-10-05T11:40:55","date_gmt":"2016-10-05T11:40:55","guid":{"rendered":"http:\/\/test.personal-shopper-graz.at\/?p=47"},"modified":"2026-01-21T11:44:13","modified_gmt":"2026-01-21T11:44:13","slug":"knigge","status":"publish","type":"post","link":"https:\/\/personal-shopper-graz.at\/?p=47","title":{"rendered":"Knigge &#038; Benimm Training f\u00fcr Lehrlinge"},"content":{"rendered":"\n<figure class=\"wp-block-image size-large\"><img loading=\"lazy\" decoding=\"async\" width=\"1024\" height=\"683\" src=\"https:\/\/personal-shopper-graz.at\/wp-content\/uploads\/2016\/10\/DJAKOB-2437-1024x683.jpg\" alt=\"\" class=\"wp-image-147\" srcset=\"https:\/\/personal-shopper-graz.at\/wp-content\/uploads\/2016\/10\/DJAKOB-2437-1024x683.jpg 1024w, https:\/\/personal-shopper-graz.at\/wp-content\/uploads\/2016\/10\/DJAKOB-2437-scaled-360x240.jpg 360w, https:\/\/personal-shopper-graz.at\/wp-content\/uploads\/2016\/10\/DJAKOB-2437-300x200.jpg 300w, https:\/\/personal-shopper-graz.at\/wp-content\/uploads\/2016\/10\/DJAKOB-2437-768x512.jpg 768w, https:\/\/personal-shopper-graz.at\/wp-content\/uploads\/2016\/10\/DJAKOB-2437-370x247.jpg 370w, https:\/\/personal-shopper-graz.at\/wp-content\/uploads\/2016\/10\/DJAKOB-2437-1040x693.jpg 1040w\" sizes=\"auto, (max-width: 1024px) 100vw, 1024px\" \/><figcaption>Ihre zertifizierter Knigge-Trainerin und Trainerin f\u00fcr Business Etikette IHK<\/figcaption><\/figure>\n\n\n\n<div class=\"wp-block-group\"><div class=\"wp-block-group__inner-container is-layout-flow wp-block-group-is-layout-flow\">\n<p style=\"text-align: center;\"><img loading=\"lazy\" decoding=\"async\" class=\"kb-img wp-image-7517 entered lazyloaded\" title=\"Business Knigge Kurse f\u00fcr die Praxis kniggebenefit.de 4\" src=\"https:\/\/kniggebenefit.de\/media\/Mitglied_2026.jpg.webp\" sizes=\"auto, (max-width: 999px) 100vw, 999px\" srcset=\"https:\/\/kniggebenefit.de\/media\/Mitglied_2026.jpg.webp 999w, https:\/\/kniggebenefit.de\/media\/Mitglied_2026-296x300.jpg.webp 296w, https:\/\/kniggebenefit.de\/media\/Mitglied_2026-80x80.jpg.webp 80w, https:\/\/kniggebenefit.de\/media\/Mitglied_2026-768x779.jpg.webp 768w\" alt=\"Mitglied der Deutschen Knigge Gesellschaft\" width=\"261\" height=\"265\" data-lazy-srcset=\"https:\/\/kniggebenefit.de\/media\/Mitglied_2026.jpg.webp 999w, https:\/\/kniggebenefit.de\/media\/Mitglied_2026-296x300.jpg.webp 296w, https:\/\/kniggebenefit.de\/media\/Mitglied_2026-80x80.jpg.webp 80w, https:\/\/kniggebenefit.de\/media\/Mitglied_2026-768x779.jpg.webp 768w\" data-lazy-sizes=\"(max-width: 999px) 100vw, 999px\" data-lazy-src=\"https:\/\/kniggebenefit.de\/media\/Mitglied_2026.jpg.webp\" data-lazy-src-webp=\"https:\/\/kniggebenefit.de\/media\/Mitglied_2026.jpg.webp\" data-lazy-srcset-webp=\"https:\/\/kniggebenefit.de\/media\/Mitglied_2026.jpg.webp 999w, https:\/\/kniggebenefit.de\/media\/Mitglied_2026-296x300.jpg.webp 296w, https:\/\/kniggebenefit.de\/media\/Mitglied_2026-80x80.jpg.webp 80w, https:\/\/kniggebenefit.de\/media\/Mitglied_2026-768x779.jpg.webp 768w\" data-ll-status=\"loaded\" \/> \u00a0 \u00a0 \u00a0 \u00a0 \u00a0 \u00a0 \u00a0<\/p>\n<p>Im modernen Business-Knigge geht es weniger darum, steife Etiketteregeln zu kennen sondern, wor\u00fcber Adolph Freiherr von Knigge 1788 ein Buch geschrieben hat \u201e \u00dcber den Umgang mit Menschen\u201c Wertsch\u00e4tzung, \u00fcber den respektvollen Umgang miteinander und korrekte Umgangsformen sorgen f\u00fcr W\u00e4rme, Menschlichkeit und Herzlichkeit. Nat\u00fcrlich geh\u00f6rt auch der Umgang mit Messer und Gabel dazu, sich stilvoll bei Tisch zu benehmen den<\/p>\n<p><span style=\"color: #ff9900;\"><strong>\u201e Willst Du eines Menschen Bildung messen, schau ihm flei\u00dfig zu beim Essen\u201c<\/strong><\/span><\/p>\n<ul>\n<li>Sie wollen einen guten ersten Eindruck hinterlassen?<\/li>\n<li>Stilsicher Ihre G\u00e4ste begr\u00fc\u00dfen?<\/li>\n<li>Locker und entspannt das n\u00e4chste Gesch\u00e4ftsessen meistern?<\/li>\n<li>Small Talk f\u00e4llt Ihnen schwer?<\/li>\n<\/ul>\n<p>Auf Ihrem pers\u00f6nlichen Weg zum Erfolg und dem Ihrer Mitarbeiter unterst\u00fctze ich Sie mit meiner Freude und Leidenschaft \u00fcber den Umgang mit Menschen . Besuchen Sie meine angebotenen Seminare oder laden Sie mich in Ihr Unternehmen ein und wir erstellen ein genau auf Ihr Unternehmen abgestimmtes Angebot.<\/p>\n<\/div><\/div>\n\n\n\n<div class=\"wp-block-image\"><figure class=\"aligncenter size-large is-resized\"><img loading=\"lazy\" decoding=\"async\" src=\"https:\/\/personal-shopper-graz.at\/wp-content\/uploads\/2019\/01\/Knigge-Flo-875x1024.jpg\" alt=\"\" class=\"wp-image-561\" width=\"309\" height=\"361\" srcset=\"https:\/\/personal-shopper-graz.at\/wp-content\/uploads\/2019\/01\/Knigge-Flo-875x1024.jpg 875w, https:\/\/personal-shopper-graz.at\/wp-content\/uploads\/2019\/01\/Knigge-Flo-scaled-360x421.jpg 360w, https:\/\/personal-shopper-graz.at\/wp-content\/uploads\/2019\/01\/Knigge-Flo-256x300.jpg 256w, https:\/\/personal-shopper-graz.at\/wp-content\/uploads\/2019\/01\/Knigge-Flo-768x899.jpg 768w, https:\/\/personal-shopper-graz.at\/wp-content\/uploads\/2019\/01\/Knigge-Flo-370x433.jpg 370w, https:\/\/personal-shopper-graz.at\/wp-content\/uploads\/2019\/01\/Knigge-Flo-1040x1217.jpg 1040w\" sizes=\"auto, (max-width: 309px) 100vw, 309px\" \/><\/figure><\/div>\n\n\n\n<p><\/p>\n\n\n\n<p><strong><span class=\"has-inline-color has-luminous-vivid-orange-color\">Helfen Sie als Chef \/ Lehrlingsbetreuer Ihren Lehrlingen und machen Sie sie gleich zu Beginn mit Ihrer Firmenkultur und den gew\u00fcnschten Umgangsformen vertraut!<\/span><\/strong><\/p>\n\n\n\n<ul class=\"wp-block-list\"><li>Was erwartet mein Chef oder mein Ausbildner in puncto Umgangsformen von mir?<\/li><li>Welche Regeln gelten im Unternehmen?<\/li><li>Welcher Dresscoat passt zum Unternehmen?<\/li><\/ul>\n\n\n\n<p>Viele Fragen, die junge Leute in der Startphase bewegen und eine Antwort brauchen.<\/p>\n\n\n\n<p><strong>Zielgruppe:<\/strong> Dieses Seminar richtet sich an Lehrlinge aller Lehrjahre im kaufm\u00e4nnischen, technischen und gewerblichen Bereich.<\/p>\n\n\n\n<p>Ablauf: Ein fundierter Themenmix aus<\/p>\n\n\n\n<ul class=\"wp-block-list\"><li><span class=\"has-inline-color has-luminous-vivid-orange-color\"><strong>sozialer Kompetenz<\/strong><\/span><\/li><li><span class=\"has-inline-color has-luminous-vivid-orange-color\"><strong>selbstbewusster Auftritt<\/strong><\/span><\/li><li><span class=\"has-inline-color has-luminous-vivid-orange-color\"><strong>achtsamer Umgang und respektvolles Miteinander<\/strong><\/span><\/li><li><span class=\"has-inline-color has-luminous-vivid-orange-color\"><strong>Verhaltenspielregeln im Berufsalltag<\/strong><\/span><\/li><li><span class=\"has-inline-color has-luminous-vivid-orange-color\"><strong>Repr\u00e4sentant der Firma zu sein im beruflichen und privaten Bereich<\/strong><\/span><\/li><\/ul>\n\n\n\n<div class=\"wp-block-group\"><div class=\"wp-block-group__inner-container is-layout-flow wp-block-group-is-layout-flow\">\n<div class=\"wp-block-group\"><div class=\"wp-block-group__inner-container is-layout-flow wp-block-group-is-layout-flow\">\n<figure class=\"wp-block-gallery columns-2 is-cropped wp-block-gallery-1 is-layout-flex wp-block-gallery-is-layout-flex\"><ul class=\"blocks-gallery-grid\"><li class=\"blocks-gallery-item\"><figure><a href=\"https:\/\/personal-shopper-graz.at\/wp-content\/uploads\/2020\/11\/learn-3325483_640-2.jpg\"><img loading=\"lazy\" decoding=\"async\" width=\"640\" height=\"640\" src=\"https:\/\/personal-shopper-graz.at\/wp-content\/uploads\/2020\/11\/learn-3325483_640-2.jpg\" alt=\"\" data-id=\"1075\" data-full-url=\"https:\/\/personal-shopper-graz.at\/wp-content\/uploads\/2020\/11\/learn-3325483_640-2.jpg\" data-link=\"https:\/\/personal-shopper-graz.at\/?attachment_id=1075\" class=\"wp-image-1075\" srcset=\"https:\/\/personal-shopper-graz.at\/wp-content\/uploads\/2020\/11\/learn-3325483_640-2.jpg 640w, https:\/\/personal-shopper-graz.at\/wp-content\/uploads\/2020\/11\/learn-3325483_640-2-100x100.jpg 100w, https:\/\/personal-shopper-graz.at\/wp-content\/uploads\/2020\/11\/learn-3325483_640-2-360x360.jpg 360w, https:\/\/personal-shopper-graz.at\/wp-content\/uploads\/2020\/11\/learn-3325483_640-2-300x300.jpg 300w, https:\/\/personal-shopper-graz.at\/wp-content\/uploads\/2020\/11\/learn-3325483_640-2-150x150.jpg 150w, https:\/\/personal-shopper-graz.at\/wp-content\/uploads\/2020\/11\/learn-3325483_640-2-370x370.jpg 370w, https:\/\/personal-shopper-graz.at\/wp-content\/uploads\/2020\/11\/learn-3325483_640-2-600x600.jpg 600w\" sizes=\"auto, (max-width: 640px) 100vw, 640px\" \/><\/a><figcaption class=\"blocks-gallery-item__caption\">Analog<\/figcaption><\/figure><\/li><li class=\"blocks-gallery-item\"><figure><a href=\"https:\/\/personal-shopper-graz.at\/wp-content\/uploads\/2020\/11\/laptop-1019782_640.jpg\"><img loading=\"lazy\" decoding=\"async\" width=\"640\" height=\"640\" src=\"https:\/\/personal-shopper-graz.at\/wp-content\/uploads\/2020\/11\/laptop-1019782_640.jpg\" alt=\"\" data-id=\"1074\" data-full-url=\"https:\/\/personal-shopper-graz.at\/wp-content\/uploads\/2020\/11\/laptop-1019782_640.jpg\" data-link=\"https:\/\/personal-shopper-graz.at\/?attachment_id=1074\" class=\"wp-image-1074\" srcset=\"https:\/\/personal-shopper-graz.at\/wp-content\/uploads\/2020\/11\/laptop-1019782_640.jpg 640w, https:\/\/personal-shopper-graz.at\/wp-content\/uploads\/2020\/11\/laptop-1019782_640-100x100.jpg 100w, https:\/\/personal-shopper-graz.at\/wp-content\/uploads\/2020\/11\/laptop-1019782_640-360x360.jpg 360w, https:\/\/personal-shopper-graz.at\/wp-content\/uploads\/2020\/11\/laptop-1019782_640-300x300.jpg 300w, https:\/\/personal-shopper-graz.at\/wp-content\/uploads\/2020\/11\/laptop-1019782_640-150x150.jpg 150w, https:\/\/personal-shopper-graz.at\/wp-content\/uploads\/2020\/11\/laptop-1019782_640-370x370.jpg 370w, https:\/\/personal-shopper-graz.at\/wp-content\/uploads\/2020\/11\/laptop-1019782_640-600x600.jpg 600w\" sizes=\"auto, (max-width: 640px) 100vw, 640px\" \/><\/a><figcaption class=\"blocks-gallery-item__caption\">Digital<\/figcaption><\/figure><\/li><\/ul><\/figure>\n<\/div><\/div>\n<\/div><\/div>\n\n\n\n<div class=\"wp-block-group is-layout-flow wp-block-group-is-layout-flow\"><div class=\"wp-block-group__inner-container\"><\/div><\/div>\n\n\n\n<p><strong>Nutzen:<\/strong> Ihre Lehrlinge erhalten in meinem Training zahlreiche Tipps f\u00fcr Ihr Auftreten und Verhalten im Umgang mit Vorgesetzten, Kollegen und Kunden.&nbsp; Bei einem gemeinsamen Mittagessen werden die Basics der Tischmanieren besprochen. \u00dcbungen die spielerisch vermittelt werden sorgen daf\u00fcr, dass die Jugendlichen sich selbst besser wahrnehmen und f\u00fcr ihr Verhalten sensibilisiert werden.<\/p>\n\n\n\n<p><\/p>\n\n\n\n<p><\/p>\n\n\n\n<p><\/p>\n\n\n\n<p><\/p>\n\n\n\n<p><\/p>\n\n\n\n<p><\/p>\n\n\n\n<div class=\"wp-block-group\"><div class=\"wp-block-group__inner-container is-layout-flow wp-block-group-is-layout-flow\">\n<div class=\"wp-block-group\"><div class=\"wp-block-group__inner-container is-layout-flow wp-block-group-is-layout-flow\">\n<figure class=\"wp-block-gallery columns-3 is-cropped wp-block-gallery-2 is-layout-flex wp-block-gallery-is-layout-flex\"><ul class=\"blocks-gallery-grid\"><li class=\"blocks-gallery-item\"><figure><img loading=\"lazy\" decoding=\"async\" width=\"1024\" height=\"768\" src=\"https:\/\/personal-shopper-graz.at\/wp-content\/uploads\/2019\/02\/img_9713Neu-1024x768.jpg\" alt=\"\" data-id=\"567\" data-full-url=\"https:\/\/personal-shopper-graz.at\/wp-content\/uploads\/2019\/02\/img_9713Neu.jpg\" data-link=\"https:\/\/personal-shopper-graz.at\/?attachment_id=567\" class=\"wp-image-567\" srcset=\"https:\/\/personal-shopper-graz.at\/wp-content\/uploads\/2019\/02\/img_9713Neu-1024x768.jpg 1024w, https:\/\/personal-shopper-graz.at\/wp-content\/uploads\/2019\/02\/img_9713Neu-360x270.jpg 360w, https:\/\/personal-shopper-graz.at\/wp-content\/uploads\/2019\/02\/img_9713Neu-300x225.jpg 300w, https:\/\/personal-shopper-graz.at\/wp-content\/uploads\/2019\/02\/img_9713Neu-768x576.jpg 768w, https:\/\/personal-shopper-graz.at\/wp-content\/uploads\/2019\/02\/img_9713Neu-370x278.jpg 370w, https:\/\/personal-shopper-graz.at\/wp-content\/uploads\/2019\/02\/img_9713Neu-1040x780.jpg 1040w, https:\/\/personal-shopper-graz.at\/wp-content\/uploads\/2019\/02\/img_9713Neu.jpg 1632w\" sizes=\"auto, (max-width: 1024px) 100vw, 1024px\" \/><\/figure><\/li><li class=\"blocks-gallery-item\"><figure><img loading=\"lazy\" decoding=\"async\" width=\"1024\" height=\"768\" src=\"https:\/\/personal-shopper-graz.at\/wp-content\/uploads\/2019\/02\/img_9717-Neu-1024x768.jpg\" alt=\"\" data-id=\"566\" data-full-url=\"https:\/\/personal-shopper-graz.at\/wp-content\/uploads\/2019\/02\/img_9717-Neu.jpg\" data-link=\"https:\/\/personal-shopper-graz.at\/?attachment_id=566\" class=\"wp-image-566\" srcset=\"https:\/\/personal-shopper-graz.at\/wp-content\/uploads\/2019\/02\/img_9717-Neu-1024x768.jpg 1024w, https:\/\/personal-shopper-graz.at\/wp-content\/uploads\/2019\/02\/img_9717-Neu-360x270.jpg 360w, https:\/\/personal-shopper-graz.at\/wp-content\/uploads\/2019\/02\/img_9717-Neu-300x225.jpg 300w, https:\/\/personal-shopper-graz.at\/wp-content\/uploads\/2019\/02\/img_9717-Neu-768x576.jpg 768w, https:\/\/personal-shopper-graz.at\/wp-content\/uploads\/2019\/02\/img_9717-Neu-370x278.jpg 370w, https:\/\/personal-shopper-graz.at\/wp-content\/uploads\/2019\/02\/img_9717-Neu-1040x780.jpg 1040w, https:\/\/personal-shopper-graz.at\/wp-content\/uploads\/2019\/02\/img_9717-Neu.jpg 1632w\" sizes=\"auto, (max-width: 1024px) 100vw, 1024px\" \/><\/figure><\/li><li class=\"blocks-gallery-item\"><figure><img loading=\"lazy\" decoding=\"async\" width=\"1024\" height=\"768\" src=\"https:\/\/personal-shopper-graz.at\/wp-content\/uploads\/2019\/02\/image001-neu-1024x768.jpg\" alt=\"\" data-id=\"565\" data-full-url=\"https:\/\/personal-shopper-graz.at\/wp-content\/uploads\/2019\/02\/image001-neu.jpg\" data-link=\"https:\/\/personal-shopper-graz.at\/?attachment_id=565\" class=\"wp-image-565\" srcset=\"https:\/\/personal-shopper-graz.at\/wp-content\/uploads\/2019\/02\/image001-neu-1024x768.jpg 1024w, https:\/\/personal-shopper-graz.at\/wp-content\/uploads\/2019\/02\/image001-neu-360x270.jpg 360w, https:\/\/personal-shopper-graz.at\/wp-content\/uploads\/2019\/02\/image001-neu-300x225.jpg 300w, https:\/\/personal-shopper-graz.at\/wp-content\/uploads\/2019\/02\/image001-neu-768x576.jpg 768w, https:\/\/personal-shopper-graz.at\/wp-content\/uploads\/2019\/02\/image001-neu-370x278.jpg 370w, https:\/\/personal-shopper-graz.at\/wp-content\/uploads\/2019\/02\/image001-neu-1040x780.jpg 1040w, https:\/\/personal-shopper-graz.at\/wp-content\/uploads\/2019\/02\/image001-neu.jpg 1632w\" sizes=\"auto, (max-width: 1024px) 100vw, 1024px\" \/><\/figure><\/li><\/ul><\/figure>\n<\/div><\/div>\n<\/div><\/div>\n\n\n\n<p><strong>75% F\u00f6rderung der Seminarkosten ist durch die WKO m\u00f6glich!<\/strong><\/p>\n\n\n\n<div class=\"wp-block-buttons is-layout-flex wp-block-buttons-is-layout-flex\">\n<div class=\"wp-block-button\"><a class=\"wp-block-button__link\" href=\"https:\/\/www.wko.at\/service\/stmk\/bildung-lehre\/STMK_Verbund.pdf\">Formular Download<\/a><\/div>\n<\/div>\n\n\n\n<p><\/p>\n\n\n\n<h3 class=\"wp-block-heading\"><span class=\"has-inline-color has-luminous-vivid-orange-color\">Referenzen:<\/span><\/h3>\n\n\n\n<figure class=\"wp-block-image\"><a href=\"https:\/\/www.a1.net\/\"><img loading=\"lazy\" decoding=\"async\" width=\"129\" height=\"127\" src=\"https:\/\/personal-shopper-graz.at\/wp-content\/uploads\/2018\/11\/a1.jpg\" alt=\"\" class=\"wp-image-523\"\/><\/a><\/figure>\n\n\n\n<figure class=\"wp-block-image\"><img loading=\"lazy\" decoding=\"async\" width=\"300\" height=\"134\" src=\"https:\/\/personal-shopper-graz.at\/wp-content\/uploads\/2018\/11\/ssi-schaefer-300x134.jpg\" alt=\"\" class=\"wp-image-524\" srcset=\"https:\/\/personal-shopper-graz.at\/wp-content\/uploads\/2018\/11\/ssi-schaefer-300x134.jpg 300w, https:\/\/personal-shopper-graz.at\/wp-content\/uploads\/2018\/11\/ssi-schaefer-360x160.jpg 360w, https:\/\/personal-shopper-graz.at\/wp-content\/uploads\/2018\/11\/ssi-schaefer-370x165.jpg 370w, https:\/\/personal-shopper-graz.at\/wp-content\/uploads\/2018\/11\/ssi-schaefer.jpg 424w\" sizes=\"auto, (max-width: 300px) 100vw, 300px\" \/><\/figure>\n\n\n\n<figure class=\"wp-block-image is-resized\"><img loading=\"lazy\" decoding=\"async\" src=\"https:\/\/personal-shopper-graz.at\/wp-content\/uploads\/2019\/08\/csm_20190212_150Logo_RGB_ac01eb0bf6.png\" alt=\"\" class=\"wp-image-604\" width=\"197\" height=\"116\"\/><\/figure>\n\n\n\n<figure class=\"wp-block-image size-large\"><img loading=\"lazy\" decoding=\"async\" width=\"435\" height=\"116\" src=\"https:\/\/personal-shopper-graz.at\/wp-content\/uploads\/2024\/08\/Sto\u0308lzle.png\" alt=\"\" class=\"wp-image-2702\" srcset=\"https:\/\/personal-shopper-graz.at\/wp-content\/uploads\/2024\/08\/Sto\u0308lzle.png 435w, https:\/\/personal-shopper-graz.at\/wp-content\/uploads\/2024\/08\/Sto\u0308lzle-360x96.png 360w, https:\/\/personal-shopper-graz.at\/wp-content\/uploads\/2024\/08\/Sto\u0308lzle-300x80.png 300w, https:\/\/personal-shopper-graz.at\/wp-content\/uploads\/2024\/08\/Sto\u0308lzle-370x99.png 370w\" sizes=\"auto, (max-width: 435px) 100vw, 435px\" \/><\/figure>\n\n\n\n<figure class=\"wp-block-image\"><a href=\"https:\/\/www.bessermitholz.at\/\"><img loading=\"lazy\" decoding=\"async\" width=\"327\" height=\"88\" src=\"https:\/\/personal-shopper-graz.at\/wp-content\/uploads\/2020\/04\/holz.png\" alt=\"\" class=\"wp-image-638\" srcset=\"https:\/\/personal-shopper-graz.at\/wp-content\/uploads\/2020\/04\/holz.png 327w, https:\/\/personal-shopper-graz.at\/wp-content\/uploads\/2020\/04\/holz-300x81.png 300w\" sizes=\"auto, (max-width: 327px) 100vw, 327px\" \/><\/a><\/figure>\n\n\n\n<div class=\"wp-block-group\"><div class=\"wp-block-group__inner-container is-layout-flow wp-block-group-is-layout-flow\">\n<div class=\"wp-block-group\"><div class=\"wp-block-group__inner-container is-layout-flow wp-block-group-is-layout-flow\">\n<div class=\"wp-block-group\"><div class=\"wp-block-group__inner-container is-layout-flow wp-block-group-is-layout-flow\">\n<figure class=\"wp-block-image size-large is-resized\"><img loading=\"lazy\" decoding=\"async\" src=\"https:\/\/personal-shopper-graz.at\/wp-content\/uploads\/2026\/01\/Fresenius-1024x276.png\" alt=\"\" class=\"wp-image-3464\" width=\"336\" height=\"90\" srcset=\"https:\/\/personal-shopper-graz.at\/wp-content\/uploads\/2026\/01\/Fresenius-1024x276.png 1024w, https:\/\/personal-shopper-graz.at\/wp-content\/uploads\/2026\/01\/Fresenius-360x97.png 360w, https:\/\/personal-shopper-graz.at\/wp-content\/uploads\/2026\/01\/Fresenius-300x81.png 300w, https:\/\/personal-shopper-graz.at\/wp-content\/uploads\/2026\/01\/Fresenius-768x207.png 768w, https:\/\/personal-shopper-graz.at\/wp-content\/uploads\/2026\/01\/Fresenius-370x100.png 370w, https:\/\/personal-shopper-graz.at\/wp-content\/uploads\/2026\/01\/Fresenius-1040x280.png 1040w, https:\/\/personal-shopper-graz.at\/wp-content\/uploads\/2026\/01\/Fresenius-600x162.png 600w, https:\/\/personal-shopper-graz.at\/wp-content\/uploads\/2026\/01\/Fresenius.png 1200w\" sizes=\"auto, (max-width: 336px) 100vw, 336px\" \/><\/figure>\n<\/div><\/div>\n<\/div><\/div>\n<\/div><\/div>\n\n\n\n<p><\/p>\n","protected":false},"excerpt":{"rendered":"<p>\u00a0 \u00a0 \u00a0 \u00a0 \u00a0 \u00a0 \u00a0 Im modernen Business-Knigge geht es weniger darum, steife Etiketteregeln zu kennen sondern, wor\u00fcber Adolph Freiherr von Knigge 1788 ein Buch geschrieben hat \u201e \u00dcber den Umgang mit Menschen\u201c Wertsch\u00e4tzung, \u00fcber den respektvollen Umgang miteinander und korrekte Umgangsformen sorgen f\u00fcr W\u00e4rme, Menschlichkeit und Herzlichkeit. Nat\u00fcrlich geh\u00f6rt auch der Umgang&#8230;<\/p>\n","protected":false},"author":4,"featured_media":51,"comment_status":"closed","ping_status":"closed","sticky":false,"template":"","format":"standard","meta":{"_kad_post_transparent":"","_kad_post_title":"","_kad_post_layout":"","_kad_post_sidebar_id":"","_kad_post_content_style":"","_kad_post_vertical_padding":"","_kad_post_feature":"","_kad_post_feature_position":"","_kad_post_header":false,"_kad_post_footer":false,"_kad_post_classname":"","footnotes":""},"categories":[1],"tags":[],"class_list":["post-47","post","type-post","status-publish","format-standard","has-post-thumbnail","hentry","category-uncategorized"],"_links":{"self":[{"href":"https:\/\/personal-shopper-graz.at\/index.php?rest_route=\/wp\/v2\/posts\/47","targetHints":{"allow":["GET"]}}],"collection":[{"href":"https:\/\/personal-shopper-graz.at\/index.php?rest_route=\/wp\/v2\/posts"}],"about":[{"href":"https:\/\/personal-shopper-graz.at\/index.php?rest_route=\/wp\/v2\/types\/post"}],"author":[{"embeddable":true,"href":"https:\/\/personal-shopper-graz.at\/index.php?rest_route=\/wp\/v2\/users\/4"}],"replies":[{"embeddable":true,"href":"https:\/\/personal-shopper-graz.at\/index.php?rest_route=%2Fwp%2Fv2%2Fcomments&post=47"}],"version-history":[{"count":33,"href":"https:\/\/personal-shopper-graz.at\/index.php?rest_route=\/wp\/v2\/posts\/47\/revisions"}],"predecessor-version":[{"id":3465,"href":"https:\/\/personal-shopper-graz.at\/index.php?rest_route=\/wp\/v2\/posts\/47\/revisions\/3465"}],"wp:featuredmedia":[{"embeddable":true,"href":"https:\/\/personal-shopper-graz.at\/index.php?rest_route=\/wp\/v2\/media\/51"}],"wp:attachment":[{"href":"https:\/\/personal-shopper-graz.at\/index.php?rest_route=%2Fwp%2Fv2%2Fmedia&parent=47"}],"wp:term":[{"taxonomy":"category","embeddable":true,"href":"https:\/\/personal-shopper-graz.at\/index.php?rest_route=%2Fwp%2Fv2%2Fcategories&post=47"},{"taxonomy":"post_tag","embeddable":true,"href":"https:\/\/personal-shopper-graz.at\/index.php?rest_route=%2Fwp%2Fv2%2Ftags&post=47"}],"curies":[{"name":"wp","href":"https:\/\/api.w.org\/{rel}","templated":true}]}}